{"id":1074,"date":"2022-02-23T15:37:00","date_gmt":"2022-02-23T15:37:00","guid":{"rendered":"https:\/\/accelperiberia.com\/?p=1074"},"modified":"2022-11-04T17:38:35","modified_gmt":"2022-11-04T17:38:35","slug":"1074","status":"publish","type":"post","link":"https:\/\/accelperiberia.com\/?p=1074","title":{"rendered":""},"content":{"rendered":"\n<p>Foi aprovada, em despacho&nbsp;da Ministra da Presid\u00eancia, do Ministro da Economia e do Mar, da Ministra da Ci\u00eancia, Tecnologia e Ensino Superior e da Ministra da Coes\u00e3o Territorial, a Estrat\u00e9gia Nacional para uma Especializa\u00e7\u00e3o Inteligente 2030 (ENEI 2030), constru\u00edda pela ANI, que pretende acompanhar a velocidade da Inova\u00e7\u00e3o.<\/p>\n\n\n\n<p>Esta ENEI assume uma import\u00e2ncia estrat\u00e9gica, constituindo-se como agregador de uma estrat\u00e9gia nacional para uma especializa\u00e7\u00e3o inteligente, como forma de promo\u00e7\u00e3o da inova\u00e7\u00e3o. O principal objetivo \u00e9 ser um elemento facilitador da inova\u00e7\u00e3o, em linha com as necessidades e desafios do territ\u00f3rio nacional, sem esquecer as especificidades de cada regi\u00e3o de Portugal.<\/p>\n\n\n\n<p>A ENEI 2030 surge para ultrapassar os constrangimentos identificados, nomeadamente, o excessivo n\u00famero de prioridades que existia na anterior ENEI (2014) com uma excessiva correla\u00e7\u00e3o e sobreposi\u00e7\u00e3o entre si e o desalinhamento para com o modelo horizontal da estrat\u00e9gia europeia. Para al\u00e9m destes constrangimentos, a ENEI 2030 permite ultrapassar a deficiente articula\u00e7\u00e3o que se observava com sobreposi\u00e7\u00f5es e contradi\u00e7\u00f5es entre ENEI e EREI, propondo uma vis\u00e3o articulada multin\u00edvel. Esta Estrat\u00e9gia resulta de um processo de constru\u00e7\u00e3o colaborativo, como fruto do trabalho feito com as regi\u00f5es e que resultou nas EREI, agora agregadas numa vis\u00e3o transformativa para o pa\u00eds, enquanto, \u201c<em>ecossistema de regi\u00f5es de talento e inova\u00e7\u00e3o, onde a sustentabilidade, o ambiente criativo e a ci\u00eancia convergem para a qualidade de vida<\/em>\u201d<\/p>\n\n\n\n<p>Permitiu-se assim obter um documento vivo e din\u00e2mico, que permite acompanhar os diferentes ciclos de inova\u00e7\u00e3o que sabemos cada vez mais curtos e r\u00e1pidos. Este documento apresenta uma ENEI estruturada em 6 grandes \u00e1reas:<\/p>\n\n\n\n<ul><li>Transi\u00e7\u00e3o Digital;<\/li><li>Materiais, Sistemas e Tecnologias de Produ\u00e7\u00e3o;<\/li><li>Transi\u00e7\u00e3o Verde;<\/li><li>Sociedade, Criatividade e Patrim\u00f3nio;<\/li><li>Sa\u00fade, Biotecnologia e Alimenta\u00e7\u00e3o;<\/li><li>Grandes Ativos Naturais: Floresta, Mar e Espa\u00e7o.<\/li><\/ul>\n\n\n\n<p>O desenho da estrat\u00e9gia resultou do culminar de um trabalho preparat\u00f3rio realizado ao longo de dois anos, acompanhado de stakeholders de todo o sistema nacional de inova\u00e7\u00e3o. Este trabalho de constru\u00e7\u00e3o materializou-se na realiza\u00e7\u00e3o de 43 semin\u00e1rios e workshops, com a participa\u00e7\u00e3o de empresas, centros de investiga\u00e7\u00e3o, centros de interface, institui\u00e7\u00f5es parceiras, atores regionais, associa\u00e7\u00f5es empresariais, peritos, num movimento alargado de ausculta\u00e7\u00e3o que envolveu mais de 2000 pessoas.<\/p>\n\n\n\n<h2 class=\"has-text-align-center has-normal-font-size\"><\/h2>\n\n\n\n<p><\/p>\n","protected":false},"excerpt":{"rendered":"<p>Foi aprovada, em despacho&nbsp;da Ministra da Presid\u00eancia, do Ministro da Economia e do Mar, da Ministra da Ci\u00eancia, Tecnologia e<span class=\"excerpt-hellip\"> [\u2026]<\/span><\/p>\n","protected":false},"author":3,"featured_media":1119,"comment_status":"closed","ping_status":"closed","sticky":false,"template":"elementor_theme","format":"image","meta":[],"categories":[5],"tags":[],"_links":{"self":[{"href":"https:\/\/accelperiberia.com\/index.php?rest_route=\/wp\/v2\/posts\/1074"}],"collection":[{"href":"https:\/\/accelperiberia.com\/index.php?rest_route=\/wp\/v2\/posts"}],"about":[{"href":"https:\/\/accelperiberia.com\/index.php?rest_route=\/wp\/v2\/types\/post"}],"author":[{"embeddable":true,"href":"https:\/\/accelperiberia.com\/index.php?rest_route=\/wp\/v2\/users\/3"}],"replies":[{"embeddable":true,"href":"https:\/\/accelperiberia.com\/index.php?rest_route=%2Fwp%2Fv2%2Fcomments&post=1074"}],"version-history":[{"count":12,"href":"https:\/\/accelperiberia.com\/index.php?rest_route=\/wp\/v2\/posts\/1074\/revisions"}],"predecessor-version":[{"id":1137,"href":"https:\/\/accelperiberia.com\/index.php?rest_route=\/wp\/v2\/posts\/1074\/revisions\/1137"}],"wp:featuredmedia":[{"embeddable":true,"href":"https:\/\/accelperiberia.com\/index.php?rest_route=\/wp\/v2\/media\/1119"}],"wp:attachment":[{"href":"https:\/\/accelperiberia.com\/index.php?rest_route=%2Fwp%2Fv2%2Fmedia&parent=1074"}],"wp:term":[{"taxonomy":"category","embeddable":true,"href":"https:\/\/accelperiberia.com\/index.php?rest_route=%2Fwp%2Fv2%2Fcategories&post=1074"},{"taxonomy":"post_tag","embeddable":true,"href":"https:\/\/accelperiberia.com\/index.php?rest_route=%2Fwp%2Fv2%2Ftags&post=1074"}],"curies":[{"name":"wp","href":"https:\/\/api.w.org\/{rel}","templated":true}]}}